{"id":19,"date":"2021-01-23T13:40:51","date_gmt":"2021-01-23T13:40:51","guid":{"rendered":"http:\/\/sinfonietta.se\/?p=19"},"modified":"2021-01-23T13:41:26","modified_gmt":"2021-01-23T13:41:26","slug":"extraljus-till-min-nya-bil-blev-en-succe","status":"publish","type":"post","link":"http:\/\/sinfonietta.se\/?p=19","title":{"rendered":"Extraljus till min nya bil blev en succ\u00e9"},"content":{"rendered":"<p>Att jag skulle s\u00e4tta runda lysen p\u00e5 min bil var absolut ingen \u00f6verraskning f\u00f6r varken min man eller mina barn. Belysning \u00e4r en passion som jag haft sedan barnsben och detta g\u00e4ller s\u00e5v\u00e4l inomhus som utomhusbelysning. Jag inf\u00f6rskaffade en Audi A3 f\u00f6r par m\u00e5nader sedan och var inte riktigt n\u00f6jd med ljuset fr\u00e5n str\u00e5lkastarna. Jag valde d\u00e4rf\u00f6r att montera tre runda <a href=\"https:\/\/ljusgiganten.se\/led-extraljus\">extraljus p\u00e5 bilen<\/a> och modell Seeker och blev verkligen supern\u00f6jd. Det jag gillade mest med extraljusen var f\u00e4rgen d\u00e5 dom matchade min svarta Audi. Som ni s\u00e4kert f\u00f6rst\u00e5r s\u00e5 var det inte enbart av s\u00e4kerhetssk\u00e4l som jag valde att g\u00f6ra detta utan jag tycker faktiskt \u00e4r snyggare nu n\u00e4r jag f\u00e5tt &#8220;piffa&#8221; till den lite. Min man var emot ide\u00e9n men bilen \u00e4r min och valet \u00e4r mitt s\u00e5 d\u00e4rf\u00f6r var det aldrig snack om saken, men jag valde lampor med 7 tum storlek f\u00f6r att en st\u00f6rre modell inte hade passat min A3.<\/p>\n<p>Jag kan verkligen rekommendera Seeker som jag handlade hos n\u00e4tbutiken <a href=\"https:\/\/ljusgiganten.se\/\">Ljusgiganten.se<\/a> och leveransen var snabb och jag blev trevligt bem\u00f6tt av kundtj\u00e4nsten n\u00e4r jag ringde in och st\u00e4llde en massa fr\u00e5gor om garantier och montering. Jag valde att sj\u00e4lv genomf\u00f6ra montaget f\u00f6r att undvika kostnaden hos verkstaden och med facit i hand s\u00e5 k\u00e4nns det som att jag gjorde r\u00e4tt. Jag vill avslutningsvis s\u00e4ga att jag kommer att vara mer aktiv p\u00e5 sidan i framtiden och hoppas den blir v\u00e4lbes\u00f6kt men d\u00e5 kr\u00e4vs det st\u00e4ndiga uppdateringar och mycket h\u00e5rt jobb vilket jag \u00e4r beredd att l\u00e4gga!<\/p>\n<p>Hej svejs!<\/p>\n","protected":false},"excerpt":{"rendered":"<p>Att jag skulle s\u00e4tta runda lysen p\u00e5 min bil var absolut ingen \u00f6verraskning f\u00f6r varken min man eller mina barn. Belysning \u00e4r en passion som jag haft sedan barnsben och detta g\u00e4ller s\u00e5v\u00e4l inomhus som utomhusbelysning. Jag inf\u00f6rskaffade en Audi A3 f\u00f6r par m\u00e5nader sedan och var inte riktigt n\u00f6jd med ljuset fr\u00e5n str\u00e5lkastarna. Jag [&hellip;]<\/p>\n","protected":false},"author":1,"featured_media":20,"comment_status":"closed","ping_status":"closed","sticky":false,"template":"","format":"standard","meta":[],"categories":[4],"tags":[],"_links":{"self":[{"href":"http:\/\/sinfonietta.se\/index.php?rest_route=\/wp\/v2\/posts\/19"}],"collection":[{"href":"http:\/\/sinfonietta.se\/index.php?rest_route=\/wp\/v2\/posts"}],"about":[{"href":"http:\/\/sinfonietta.se\/index.php?rest_route=\/wp\/v2\/types\/post"}],"author":[{"embeddable":true,"href":"http:\/\/sinfonietta.se\/index.php?rest_route=\/wp\/v2\/users\/1"}],"replies":[{"embeddable":true,"href":"http:\/\/sinfonietta.se\/index.php?rest_route=%2Fwp%2Fv2%2Fcomments&post=19"}],"version-history":[{"count":2,"href":"http:\/\/sinfonietta.se\/index.php?rest_route=\/wp\/v2\/posts\/19\/revisions"}],"predecessor-version":[{"id":22,"href":"http:\/\/sinfonietta.se\/index.php?rest_route=\/wp\/v2\/posts\/19\/revisions\/22"}],"wp:featuredmedia":[{"embeddable":true,"href":"http:\/\/sinfonietta.se\/index.php?rest_route=\/wp\/v2\/media\/20"}],"wp:attachment":[{"href":"http:\/\/sinfonietta.se\/index.php?rest_route=%2Fwp%2Fv2%2Fmedia&parent=19"}],"wp:term":[{"taxonomy":"category","embeddable":true,"href":"http:\/\/sinfonietta.se\/index.php?rest_route=%2Fwp%2Fv2%2Fcategories&post=19"},{"taxonomy":"post_tag","embeddable":true,"href":"http:\/\/sinfonietta.se\/index.php?rest_route=%2Fwp%2Fv2%2Ftags&post=19"}],"curies":[{"name":"wp","href":"https:\/\/api.w.org\/{rel}","templated":true}]}}